


{"id":234,"date":"2019-09-12T02:16:59","date_gmt":"2019-09-12T05:16:59","guid":{"rendered":"http:\/\/www.upbrain.com.br\/blog\/?p=234"},"modified":"2019-09-05T11:33:14","modified_gmt":"2019-09-05T14:33:14","slug":"soft-skills-no-trabalho-como-desenvolve-las-e-porque-se-importar-com-elas","status":"publish","type":"post","link":"https:\/\/www.upbrain.com.br\/blog\/soft-skills-no-trabalho-como-desenvolve-las-e-porque-se-importar-com-elas\/","title":{"rendered":"Soft skills no trabalho: como desenvolv\u00ea-las e porque se importar com elas"},"content":{"rendered":"<p><\/p>\n<p>Voc\u00ea \u00e9 criativo? Se orgulha por saber trabalhar em equipe? J\u00e1 recebeu elogios por sempre ter uma atitude positiva no ambiente de trabalho?<\/p>\n<p><\/p>\n<p><\/p>\n<p>Pois saiba que<br \/>\nessas caracter\u00edsticas s\u00e3o mais importantes que voc\u00ea pensa no mundo corporativo.<br \/>\nFoi-se o tempo em que o mercado buscava apenas profissionais com habilidades<br \/>\npr\u00e1ticas que podem ser ensinadas em cursos t\u00e9cnicos e faculdades. Agora, as<br \/>\nempresas buscam as \u201csoft skills\u201d, compet\u00eancias comportamentais, ou seja,<br \/>\natributos pessoais relacionados a aptid\u00f5es mentais, emocionais e sociais.<\/p>\n<p><\/p>\n<p><\/p>\n<p>Por serem mais dif\u00edceis de aprender do que as hard skills \u2013 habilidades t\u00e9cnicas que podem ser ensinadas -, os empregadores muitas vezes acabam dando prefer\u00eancia a candidatos que tenham boa capacidade de se relacionar com outras pessoas, por exemplo, ao inv\u00e9s daqueles com um n\u00edvel mais alto de ingl\u00eas. Para eles, aprender um idioma, compet\u00eancia essencialmente t\u00e9cnica, \u00e9 mais f\u00e1cil do que melhorar a habilidade de relacionamento, que \u00e9 uma compet\u00eancia comportamental.<\/p>\n<p><\/p>\n<p><\/p>\n<p>Por\u00e9m, se voc\u00ea n\u00e3o se sente confiante com suas soft skills, n\u00e3o se desespere! Existem sim maneiras de desenvolver ou fortalec\u00ea-las. Quer saber como? Continue lendo!<\/p>\n<p><\/p>\n<p><\/p>\n<h4 class=\"wp-block-heading\">Porque as soft<br \/>\nskills importam<\/h4>\n<p><\/p>\n<p><\/p>\n<p>Antes de falar em como desenvolver e fortalecer essas compet\u00eancias, \u00e9 importante entender a import\u00e2ncia delas. De acordo com Daniel Goleman, psic\u00f3logo e autor do livro Intelig\u00eancia Emocional, existe uma lacuna entre o que l\u00edderes esperam de rec\u00e9m-formados e o que quem est\u00e1 come\u00e7ando a carreira oferece. <\/p>\n<p><\/p>\n<p><\/p>\n<p>\u201cNa maioria dos<br \/>\ncasos, os contratados s\u00e3o inteligentes, ambiciosos e sabem usar tecnologia.<br \/>\nProvaram que conseguem fazer o trabalho. S\u00e3o comprometidos e apaixonados pela<br \/>\nideia de ascender na carreira. Ent\u00e3o o que falta nesses profissionais?\u201d A<br \/>\nresposta \u00e9 f\u00e1cil: soft skills. <\/p>\n<p><\/p>\n<p><\/p>\n<p>O autor explica<br \/>\nque os jovens n\u00e3o d\u00e3o a devida import\u00e2ncia para a intelig\u00eancia emocional no<br \/>\nambiente de trabalho, mas ela \u00e9 crucial para ter foco, motiva\u00e7\u00e3o e colaborar de<br \/>\nmaneira produtiva.\u201cConforme estruturas organizacionais evoluem e a globaliza\u00e7\u00e3o<br \/>\nacelera, essas soft skills ser\u00e3o mais cruciais que nunca\u201d, aposta o especialista.<\/p>\n<p><\/p>\n<p><\/p>\n<p>Apenas intelig\u00eancia e experi\u00eancia n\u00e3o bastam. S\u00e3o as soft skills que realmente capacitam algu\u00e9m para ocupar cargos de lideran\u00e7a, que envolvem lidar com outras pessoas assim como com si mesmo. <\/p>\n<p><\/p>\n<p><\/p>\n<p>\u00c9 importante lembrar que vagas diferentes buscam por perfis diferentes, mas h\u00e1 soft skills comum a todos os profissionais, que n\u00e3o competem apenas a fun\u00e7\u00f5es espec\u00edficas.<\/p>\n<p><\/p>\n<p><\/p>\n<p>Entre o que as empresas buscam cada vez mais nos funcion\u00e1rios est\u00e3o o foco no cliente, colabora\u00e7\u00e3o, paix\u00e3o por aprender e a habilidade organizacional. <\/p>\n<p><\/p>\n<p><\/p>\n<h4 class=\"wp-block-heading\">Como<br \/>\ndesenvolver as soft skills?<\/h4>\n<p><\/p>\n<p><\/p>\n<p>Para Daniel, \u00e9 poss\u00edvel sim desenvolver ou fortalecer as soft skills necess\u00e1rias atualmente. Entre as t\u00e9cnicas recomendadas, est\u00e3o:<\/p>\n<p><\/p>\n<p><\/p>\n<p><strong>Gerenciamento de tempo e prioridades<\/strong><\/p>\n<p><\/p>\n<p><\/p>\n<p>\u201cQuando for<br \/>\ninterrompido, pratique se fazer esta pergunta: isso pode esperar? Posso deixar<br \/>\nde lado? Voc\u00ea descobrir\u00e1 que a resposta \u00e9 quase sempre \u2018sim\u2019\u201d, fala.<\/p>\n<p><\/p>\n<p><\/p>\n<p>E se sua<br \/>\nresposta for sim, informe sua decis\u00e3o de maneira educada e carism\u00e1tica, pois<br \/>\nl\u00edderes se comunicam de forma gentil. <\/p>\n<p><\/p>\n<p><\/p>\n<p><strong>Autoadministra\u00e7\u00e3o emocional<\/strong><\/p>\n<p><\/p>\n<p><\/p>\n<p>\u201cSe voc\u00ea aprender a administrar suas emo\u00e7\u00f5es, vai se recuperar rapidamente do estresse. Isso significa que quando sentir uma emo\u00e7\u00e3o forte surgir, pode se tornar consciente dela, nome\u00e1-la e deix\u00e1-la passar sem reagir instantaneamente. \u201d<\/p>\n<p><\/p>\n<p><\/p>\n<p>Para poder<br \/>\ncontrolar melhor suas emo\u00e7\u00f5es, que tal praticar medita\u00e7\u00e3o? Antes de come\u00e7ar o<br \/>\ndia, tire dois, cinco, dez minutos e permita que seu corpo fique em alerta, mas<br \/>\nao mesmo tempo relaxado.<\/p>\n<p><\/p>\n<p><\/p>\n<p><strong>Converse e pe\u00e7a feedbacks<\/strong><\/p>\n<p><\/p>\n<p><\/p>\n<p>Que tal buscar seu feedback? Converse com colegas de profiss\u00e3o, gestores, amigos, professores e familiares &#8211; pessoas que o conhecem profissional e pessoalmente \u2013 e pe\u00e7a para lhe avaliarem. Pergunte sobre suas habilidades de soft skills e aproveite as respostas para melhorar no que \u00e9 poss\u00edvel.<\/p>\n<p><\/p>\n<p><\/p>\n<p>Agora que voc\u00ea sabe a import\u00e2ncia das soft skills e como desenvolv\u00ea-las, n\u00e3o esque\u00e7a de pratic\u00e1-las para se tornar um profissional de sucesso!<\/p>\n<p><\/p>\n<p><\/p>\n<p>Fonte: <a href=\"https:\/\/www.napratica.org.br\/como-desenvolver-soft-skills\/\">Na Pr\u00e1tica<\/a><\/p>\n<p><\/p>\n","protected":false},"excerpt":{"rendered":"<p>Voc\u00ea \u00e9 criativo? Se orgulha por saber trabalhar em equipe? J\u00e1 recebeu elogios por sempre ter uma atitude positiva no ambiente de trabalho? Pois saiba que essas caracter\u00edsticas s\u00e3o mais importantes que voc\u00ea pensa no mundo corporativo. Foi-se o tempo em que o mercado buscava apenas profissionais com habilidades pr\u00e1ticas que podem ser ensinadas em &hellip; <\/p>\n<p class=\"read-more\"><a class=\"readmore-btn\" href=\"https:\/\/www.upbrain.com.br\/blog\/soft-skills-no-trabalho-como-desenvolve-las-e-porque-se-importar-com-elas\/\">+<span class=\"screen-reader-text\">  Read More<\/span><\/a><\/p>\n","protected":false},"author":3,"featured_media":236,"comment_status":"closed","ping_status":"open","sticky":false,"template":"","format":"standard","meta":{"footnotes":""},"categories":[90],"tags":[15,111,110,32],"_links":{"self":[{"href":"https:\/\/www.upbrain.com.br\/blog\/wp-json\/wp\/v2\/posts\/234"}],"collection":[{"href":"https:\/\/www.upbrain.com.br\/blog\/wp-json\/wp\/v2\/posts"}],"about":[{"href":"https:\/\/www.upbrain.com.br\/blog\/wp-json\/wp\/v2\/types\/post"}],"author":[{"embeddable":true,"href":"https:\/\/www.upbrain.com.br\/blog\/wp-json\/wp\/v2\/users\/3"}],"replies":[{"embeddable":true,"href":"https:\/\/www.upbrain.com.br\/blog\/wp-json\/wp\/v2\/comments?post=234"}],"version-history":[{"count":4,"href":"https:\/\/www.upbrain.com.br\/blog\/wp-json\/wp\/v2\/posts\/234\/revisions"}],"predecessor-version":[{"id":241,"href":"https:\/\/www.upbrain.com.br\/blog\/wp-json\/wp\/v2\/posts\/234\/revisions\/241"}],"wp:featuredmedia":[{"embeddable":true,"href":"https:\/\/www.upbrain.com.br\/blog\/wp-json\/wp\/v2\/media\/236"}],"wp:attachment":[{"href":"https:\/\/www.upbrain.com.br\/blog\/wp-json\/wp\/v2\/media?parent=234"}],"wp:term":[{"taxonomy":"category","embeddable":true,"href":"https:\/\/www.upbrain.com.br\/blog\/wp-json\/wp\/v2\/categories?post=234"},{"taxonomy":"post_tag","embeddable":true,"href":"https:\/\/www.upbrain.com.br\/blog\/wp-json\/wp\/v2\/tags?post=234"}],"curies":[{"name":"wp","href":"https:\/\/api.w.org\/{rel}","templated":true}]}}