


{"id":222,"date":"2019-09-05T10:49:44","date_gmt":"2019-09-05T13:49:44","guid":{"rendered":"http:\/\/www.upbrain.com.br\/blog\/?p=222"},"modified":"2019-09-05T10:49:46","modified_gmt":"2019-09-05T13:49:46","slug":"oito-atitudes-que-ajudarao-sua-empresa-a-reter-talentos","status":"publish","type":"post","link":"https:\/\/www.upbrain.com.br\/blog\/oito-atitudes-que-ajudarao-sua-empresa-a-reter-talentos\/","title":{"rendered":"Oito atitudes que ajudar\u00e3o sua empresa a reter talentos"},"content":{"rendered":"<p><\/p>\n<p>Reter talentos se tornou uma importante quest\u00e3o para as empresas atualmente. T\u00e3o dif\u00edcil quanto encontrar os profissionais com a bagagem necess\u00e1ria para a respectiva fun\u00e7\u00e3o \u00e9 manter os que se destacam.<\/p>\n<p><\/p>\n<p><\/p>\n<p>Para manter profissionais brilhantes \u00e9 importante ter uma estrat\u00e9gia consistente e estar decidido a investir no bem-estar da equipe, mostrando que os funcion\u00e1rios s\u00e3o pessoas, n\u00e3o n\u00fameros.<\/p>\n<p><\/p>\n<p><\/p>\n<p>Para lhe ajudar a reter os talentos em sua empresa, confira abaixo oito pequenas a\u00e7\u00f5es e atitudes que podem fazer uma grande diferen\u00e7a no turnover dos seus colaboradores.<\/p>\n<p><\/p>\n<p><\/p>\n<h4 class=\"wp-block-heading\">1 &#8211; Valorize e<br \/>\nreconhe\u00e7a seus talentos<\/h4>\n<p><\/p>\n<p><\/p>\n<p>Pode parecer \u00f3bvio, mas esta \u00e9 uma a\u00e7\u00e3o que muitas vezes acaba sendo esquecida pelos superiores. Acompanhe de perto o desenvolvimento dos colaboradores e tamb\u00e9m as expectativas deles de evolu\u00e7\u00e3o dentro da empresa.<\/p>\n<p><\/p>\n<p><\/p>\n<p>Saiba reconhecer a participa\u00e7\u00e3o dos colaboradores no sucesso do neg\u00f3cio. Deixe claro que a pessoa \u00e9 necess\u00e1ria e \u00fatil. Uma recomenda\u00e7\u00e3o \u00e9 usar avalia\u00e7\u00f5es de performance para dar o feedback ao colaborador<\/p>\n<p><\/p>\n<p><\/p>\n<h4 class=\"wp-block-heading\">2 &#8211; Ofere\u00e7a<br \/>\noportunidades<\/h4>\n<p><\/p>\n<p><\/p>\n<p>Um colaborador est\u00e1 planejando uma p\u00f3s-gradua\u00e7\u00e3o? Um funcion\u00e1rio est\u00e1 cansado da sua atual posi\u00e7\u00e3o e pensa em mudar de \u00e1rea de atua\u00e7\u00e3o? Que tal os ajudar? Se poss\u00edvel, invista em uma parceria com uma universidade e incentive seus funcion\u00e1rios nos estudos. <\/p>\n<p><\/p>\n<p><\/p>\n<p>Oferecer um<br \/>\nambiente onde os profissionais possam se desenvolver e aprender contribui para<br \/>\naprimorar a qualifica\u00e7\u00e3o, tamb\u00e9m auxiliando no rendimento da empresa.<\/p>\n<p><\/p>\n<p><\/p>\n<p>Est\u00edmulos a<br \/>\nnovos projetos, promo\u00e7\u00f5es e um pacote de remunera\u00e7\u00e3o s\u00e3o outras op\u00e7\u00f5es de<br \/>\nincentivos que contam muito na reten\u00e7\u00e3o de talento.<\/p>\n<p><\/p>\n<p><\/p>\n<h4 class=\"wp-block-heading\">3 &#8211; Invista em<br \/>\ntreinamento<\/h4>\n<p><\/p>\n<p><\/p>\n<p>Um plano de<br \/>\neduca\u00e7\u00e3o corporativo bem elaborado pode ser um dos pilares de sustenta\u00e7\u00e3o da<br \/>\nempresa. E atualmente \u00e9 poss\u00edvel levar a sala de aula para dentro da empresa.<br \/>\nTreinamentos e cursos em EAD (Ensino \u00e0 dist\u00e2ncia) s\u00e3o uma op\u00e7\u00e3o cada vez mais<br \/>\nescolhidas pelas companhias por oferecerem uma educa\u00e7\u00e3o de qualidade a qualquer<br \/>\nmomento, em qualquer lugar e com um pre\u00e7o reduzido.<\/p>\n<p><\/p>\n<p><\/p>\n<h4 class=\"wp-block-heading\">4 \u2013 Mantenha um<br \/>\nbom ambiente de trabalho<\/h4>\n<p><\/p>\n<p><\/p>\n<p>A maior parte dos trabalhadores passa cerca de oito horas por dia no trabalho. Isso significa um ter\u00e7o de todo o dia do colaborador, transformando o escrit\u00f3rio em uma segunda casa. Portanto, \u00e9 fundamental que as empresas se esforcem para que esse ambiente seja o melhor poss\u00edvel e que as rela\u00e7\u00f5es no trabalho ocorram da melhor forma.<\/p>\n<p><\/p>\n<p><\/p>\n<p>Um bom ambiente<br \/>\norganizacional, al\u00e9m de tornar a rotina mais produtiva, ameniza o estresse do<br \/>\ncotidiano de trabalho \u2014 o que pode ajudar a motivar sua equipe e reter talento.<\/p>\n<p><\/p>\n<p><\/p>\n<h4 class=\"wp-block-heading\">5 \u2013 Ofere\u00e7a<br \/>\nhor\u00e1rios flex\u00edveis<\/h4>\n<p><\/p>\n<p><\/p>\n<p>Muitos profissionais n\u00e3o querem mais trabalhar 40 horas em uma empresa. Uma op\u00e7\u00e3o que muitas companhias v\u00eam adotando \u00e9 um dia de trabalho de home office. Alternativas flex\u00edveis de hor\u00e1rios de entrada e sa\u00edda tamb\u00e9m \u00e9 outra op\u00e7\u00e3o que pode impactar positivamente na vida do colaborador.<\/p>\n<p><\/p>\n<p><\/p>\n<h4 class=\"wp-block-heading\">6 &#8211; Favore\u00e7a a<br \/>\ntroca de experi\u00eancia<\/h4>\n<p><\/p>\n<p><\/p>\n<p>Permita que seus<br \/>\nprofissionais aprendam uns com os outros. A troca de experi\u00eancias pode ser<br \/>\nmuito produtiva tanto para os colaboradores quanto para a empresa.<\/p>\n<p><\/p>\n<p><\/p>\n<h4 class=\"wp-block-heading\">7 \u2013 Aposte na<br \/>\nsua equipe<\/h4>\n<p><\/p>\n<p><\/p>\n<p>Invista nos<br \/>\nprofissionais que j\u00e1 fazem parte de sua equipe. Promover a carreira destes<br \/>\ncolaboradores ao inv\u00e9s de abrir novas vagas \u00e9 uma forma de valorizar o trabalho<br \/>\ndo seu time.<\/p>\n<p><\/p>\n<p><\/p>\n<h4 class=\"wp-block-heading\"><strong>8 &#8211; Envolva os trabalhadores em uma causa<\/strong><\/h4>\n<p><\/p>\n<p><\/p>\n<p>Considere envolver os funcion\u00e1rios em uma causa, como um projeto que ser\u00e1 transformador para a empresa, para a sociedade ou para a pr\u00f3pria realidade de trabalho na companhia.<\/p>\n<p><\/p>\n<p><\/p>\n<p>Permitir que os funcion\u00e1rios sintam de que fazem parte de algo significativo far\u00e1 com que os colaboradores se sintam mais motivados. E funcion\u00e1rios motivados, provavelmente estar\u00e3o mais dispostos a permanecerem na sua organiza\u00e7\u00e3o e a se engajarem em projetos futuros.<\/p>\n<p><\/p>\n<p><\/p>\n<p>As dicas te ajudaram? Qual planeja usar em sua equipe para conseguir reter os talentos? <\/p>\n<p><\/p>\n","protected":false},"excerpt":{"rendered":"<p>Reter talentos se tornou uma importante quest\u00e3o para as empresas atualmente. T\u00e3o dif\u00edcil quanto encontrar os profissionais com a bagagem necess\u00e1ria para a respectiva fun\u00e7\u00e3o \u00e9 manter os que se destacam. Para manter profissionais brilhantes \u00e9 importante ter uma estrat\u00e9gia consistente e estar decidido a investir no bem-estar da equipe, mostrando que os funcion\u00e1rios s\u00e3o &hellip; <\/p>\n<p class=\"read-more\"><a class=\"readmore-btn\" href=\"https:\/\/www.upbrain.com.br\/blog\/oito-atitudes-que-ajudarao-sua-empresa-a-reter-talentos\/\">+<span class=\"screen-reader-text\">  Read More<\/span><\/a><\/p>\n","protected":false},"author":3,"featured_media":223,"comment_status":"closed","ping_status":"open","sticky":false,"template":"","format":"standard","meta":{"footnotes":""},"categories":[12],"tags":[34,39,106],"_links":{"self":[{"href":"https:\/\/www.upbrain.com.br\/blog\/wp-json\/wp\/v2\/posts\/222"}],"collection":[{"href":"https:\/\/www.upbrain.com.br\/blog\/wp-json\/wp\/v2\/posts"}],"about":[{"href":"https:\/\/www.upbrain.com.br\/blog\/wp-json\/wp\/v2\/types\/post"}],"author":[{"embeddable":true,"href":"https:\/\/www.upbrain.com.br\/blog\/wp-json\/wp\/v2\/users\/3"}],"replies":[{"embeddable":true,"href":"https:\/\/www.upbrain.com.br\/blog\/wp-json\/wp\/v2\/comments?post=222"}],"version-history":[{"count":1,"href":"https:\/\/www.upbrain.com.br\/blog\/wp-json\/wp\/v2\/posts\/222\/revisions"}],"predecessor-version":[{"id":224,"href":"https:\/\/www.upbrain.com.br\/blog\/wp-json\/wp\/v2\/posts\/222\/revisions\/224"}],"wp:featuredmedia":[{"embeddable":true,"href":"https:\/\/www.upbrain.com.br\/blog\/wp-json\/wp\/v2\/media\/223"}],"wp:attachment":[{"href":"https:\/\/www.upbrain.com.br\/blog\/wp-json\/wp\/v2\/media?parent=222"}],"wp:term":[{"taxonomy":"category","embeddable":true,"href":"https:\/\/www.upbrain.com.br\/blog\/wp-json\/wp\/v2\/categories?post=222"},{"taxonomy":"post_tag","embeddable":true,"href":"https:\/\/www.upbrain.com.br\/blog\/wp-json\/wp\/v2\/tags?post=222"}],"curies":[{"name":"wp","href":"https:\/\/api.w.org\/{rel}","templated":true}]}}